{"id":1070,"date":"2025-07-02T10:53:00","date_gmt":"2025-07-02T08:53:00","guid":{"rendered":"https:\/\/mein-ausflug.ch\/the-secret-blog\/news\/gruppenevents-mit-gruenem-daumen\/"},"modified":"2026-02-18T11:36:40","modified_gmt":"2026-02-18T10:36:40","slug":"gruppenevents-mit-gruenem-daumen","status":"publish","type":"post","link":"https:\/\/mein-ausflug.ch\/blog\/gruppenevents-mit-gruenem-daumen\/","title":{"rendered":"Teamevents f\u00fcr Gruppen mit gr\u00fcnem Daumen oder solche, die einen entwickeln m\u00f6chten"},"content":{"rendered":"","protected":false},"excerpt":{"rendered":"","protected":false},"author":3,"featured_media":1216,"comment_status":"closed","ping_status":"closed","sticky":false,"template":"","format":"standard","meta":{"_seopress_robots_primary_cat":"none","_seopress_titles_title":"Gr\u00fcne Gruppenevents: Natur, Pflanzen & Teamgeist","_seopress_titles_desc":"Entdecke Gruppenevents mit gr\u00fcnem Daumen: Pflanzen-Workshops, Kr\u00e4uter-Erlebnisse, Wildkr\u00e4uter-Spazierg\u00e4nge und kreative Naturaktionen f\u00fcr Teams.","_seopress_robots_index":"","banner":"","auszug":"<p>Ein Ausflug in die Natur verbindet, erdet und schafft neue Perspektiven. Warum also nicht den n\u00e4chsten Teamevent nutzen, um gemeinsam mehr \u00fcber Pflanzen, Nachhaltigkeit und Biodiversit\u00e4t zu lernen? Ob im Wald, im Garten oder auf dem Balkon: Wer den eigenen gr\u00fcnen Daumen entdecken oder vertiefen will, findet bei Mein Ausflug vielf\u00e4ltige Angebote, die Teamaktivit\u00e4t und Naturerlebnis miteinander verbinden.<\/p><p>Hier findest du eine Auswahl an Teamausfl\u00fcgen, bei denen sich alles um Pflanzen, Umweltbewusstsein und praktische Erfahrungen mit der Natur dreht.<\/p>","untertitel":"","text":"","inhalt":{"item-0":{"position":"top","bild":"","titel":"Urban Gardening, Pflanzenpflege und gr\u00fcne DIY-Projekte","text":"<p>Beim <a href=\"https:\/\/mein-ausflug.ch\/ausflug\/urban-gardening-kompakt-event\" target=\"_new\" rel=\"noopener\">Urban Gardening Kompakt Event<\/a> erfahrt ihr als Team, wie sich selbst kleine Fl\u00e4chen in gr\u00fcne Oasen verwandeln lassen. Ideal f\u00fcr Gruppen, die Nachhaltigkeit in den Arbeitsalltag einbauen m\u00f6chten.<\/p>\n<p>Im <a href=\"https:\/\/mein-ausflug.ch\/ausflug\/flaschengarten-team-workshop\" target=\"_new\" rel=\"noopener\">Flaschengarten Team Workshop<\/a> gestaltet jede Person ihr eigenes kleines \u00d6kosystem im Glas. Ein kreativer Event mit Langzeiteffekt, denn die Flascheng\u00e4rten bleiben auch im B\u00fcro ein sch\u00f6ner Blickfang.<\/p>\n<p>Wer Pflanzenliebe gerne mit Alltagspraxis verbindet, ist im <a href=\"https:\/\/mein-ausflug.ch\/ausflug\/zimmerpflanzen-hegen-und-pflegen-workshop\" target=\"_new\" rel=\"noopener\">Zimmerpflanzen hegen und pflegen Workshop<\/a> richtig. Hier lernst du gemeinsam mit deinem Team, wie Pflanzen am Arbeitsplatz oder zu Hause optimal gedeihen.<\/p>\n<p>Ein besonders kreatives Naturerlebnis ist der <a href=\"https:\/\/mein-ausflug.ch\/ausflug\/kokedama-moosball-zimmerpflanze-workshop\">Kokedama Moosball Zimmerpflanze Workshop<\/a>. Hier gestaltet ihr eure eigene h\u00e4ngende Pflanze im Moosball-Stil und lernt Schritt f\u00fcr Schritt die Technik dieser japanischen Gestaltungsmethode kennen.<\/p>\n","galerie":""},"item-1":{"position":"top","bild":"","titel":"Kr\u00e4uter, Wildpflanzen und kulinarische Naturerlebnisse","text":"<p>Das <a href=\"https:\/\/mein-ausflug.ch\/ausflug\/kraueter-tee-erlebnis\" target=\"_new\" rel=\"noopener\">Kr\u00e4uter-Tee-Erlebnis<\/a> f\u00fchrt euch in die Welt der Heilpflanzen und Teekr\u00e4uter ein. Ihr sammelt, mischt und geniesst euren eigenen Team-Tee.<\/p>\n<p>Noch naturn\u00e4her wird es bei der <a href=\"https:\/\/mein-ausflug.ch\/ausflug\/wildkraeuter-wanderung-outdoor\" target=\"_new\" rel=\"noopener\">Wildkr\u00e4uter-Wanderung Outdoor<\/a>. Diese gef\u00fchrte Tour vermittelt Wissen \u00fcber essbare Wildpflanzen und deren Anwendung in der K\u00fcche.<\/p>\n<p>Beim <a href=\"https:\/\/mein-ausflug.ch\/ausflug\/outdoor-kochevent-bauernhof-emmental\" target=\"_new\" rel=\"noopener\">Outdoor Kochevent auf dem Bauernhof im Emmental<\/a> kombiniert ihr Natur und Genuss. Unter freiem Himmel wird mit regionalen Zutaten gekocht. Ein Erlebnis f\u00fcr alle Sinne und ein wunderbarer Gruppenausflug f\u00fcr Feinschmeckerinnen und Feinschmecker.<\/p>\n<p>Beim <a href=\"https:\/\/mein-ausflug.ch\/ausflug\/wildkraeuter-spaziergang-exkursion-kochevent-teamerlebnis\">Wildkr\u00e4uter sammeln und kochen<\/a> entdeckt ihr essbare Wildpflanzen direkt in der Natur. Gemeinsam sammelt ihr Kr\u00e4uter, erfahrt Spannendes \u00fcber deren Verwendung und verarbeitet sie anschliessend kulinarisch weiter.<\/p>\n","galerie":""},"item-2":{"position":"top","bild":"","titel":"Biodiversit\u00e4t erleben und Natur bewusst wahrnehmen","text":"<p>Die <a href=\"https:\/\/mein-ausflug.ch\/ausflug\/biodiversitaet-wanderung-emmental\" target=\"_new\" rel=\"noopener\">Biodiversit\u00e4t-Wanderung im Emmental<\/a> bietet Einblicke in die Vielfalt der Natur und deren Bedeutung f\u00fcr unser \u00d6kosystem. Ein Event, der Wissen vermittelt und gleichzeitig zur Achtsamkeit anregt.<\/p>\n<p>Beim Erlebnis <a href=\"https:\/\/mein-ausflug.ch\/ausflug\/teamspirit-wald\" target=\"_new\" rel=\"noopener\">Teamspirit im Wald<\/a> stehen Wahrnehmung, Naturbezug und Gruppenerlebnis im Mittelpunkt. Der Wald dient als Ort der Ruhe und Reflexion und bietet zugleich neue Impulse f\u00fcr die Zusammenarbeit im Team.<\/p>\n<p>Ein kreatives Naturprojekt f\u00fcr st\u00e4dtische Teams ist der <a href=\"https:\/\/mein-ausflug.ch\/ausflug\/bienen-balkon-workshop\" target=\"_new\" rel=\"noopener\">Bienen-Balkon Workshop<\/a>. Hier lernt ihr, wie ihr mit einfachen Mitteln die Artenvielfalt f\u00f6rdert und N\u00fctzlinge wie Bienen und Schmetterlinge anzieht.<\/p>\n<p>Mit dem <a href=\"https:\/\/mein-ausflug.ch\/ausflug\/pflanz-event-baeume-pflanzen\">B\u00e4ume pflanzen Event<\/a> setzt ihr als Team ein nachhaltiges Zeichen. Gemeinsam werden B\u00e4ume gepflanzt und aktiv zur F\u00f6rderung von Umwelt und Klimaschutz beigetragen. Ein sinnstiftender Teamevent mit langfristiger Wirkung f\u00fcr Natur und Gemeinschaft.<\/p>\n","galerie":""},"item-3":{"position":"top","bild":"","titel":"","text":"<p>Weitere Informationen zu den einzelnen Ausfl\u00fcgen findest du in der verlinkten Angebotsbeschreibung. Dort hast du auch die M\u00f6glichkeit, eine unverbindliche Anfrage an den Veranstalter zu starten.<\/p>\n<p>Noch nicht das Richtige dabei? Wir stellen dir gerne eine Liste mit individuellen Vorschl\u00e4gen zusammen. Gib uns \u00fcber das <a class=\"_ymio1r31 _ypr0glyw _zcxs1o36 _mizu1v1w _1ah3dkaa _ra3xnqa1 _128mdkaa _1cvmnqa1 _4davt94y _4bfu1r31 _1hms8stv _ajmmnqa1 _vchhusvi _kqswh2mm _ect4ttxp _syaz13af _1a3b1r31 _4fpr8stv _5goinqa1 _f8pj13af _9oik1r31 _1bnxglyw _jf4cnqa1 _30l313af _1nrm1r31 _c2waglyw _1iohnqa1 _9h8h12zz _10531ra0 _1ien1ra0 _n0fx1ra0 _1vhv17z1\" title=\"https:\/\/mein-ausflug.ch\/infos\/kontakt\" href=\"https:\/\/mein-ausflug.ch\/infos\/kontakt\" data-renderer-mark=\"true\">Kontaktformular<\/a> deine bereits bekannten Anforderungen an und wir melden uns bei dir.<\/p>\n<p>&nbsp;<\/p>\n<p>Foto von <a href=\"https:\/\/unsplash.com\/de\/@markusspiske?utm_content=creditCopyText&amp;utm_medium=referral&amp;utm_source=unsplash\">Markus Spiske<\/a> auf <a href=\"https:\/\/unsplash.com\/de\/fotos\/grune-pflanze-auf-braunem-tontopf-IRrUkB8Fq-0?utm_content=creditCopyText&amp;utm_medium=referral&amp;utm_source=unsplash\">Unsplash<\/a><\/p>\n","galerie":""}}},"categories":[23],"tags":[],"class_list":["post-1070","post","type-post","status-publish","format-standard","has-post-thumbnail","hentry","category-ideen"],"_links":{"self":[{"href":"https:\/\/mein-ausflug.ch\/blog\/wp-json\/wp\/v2\/posts\/1070","targetHints":{"allow":["GET"]}}],"collection":[{"href":"https:\/\/mein-ausflug.ch\/blog\/wp-json\/wp\/v2\/posts"}],"about":[{"href":"https:\/\/mein-ausflug.ch\/blog\/wp-json\/wp\/v2\/types\/post"}],"author":[{"embeddable":true,"href":"https:\/\/mein-ausflug.ch\/blog\/wp-json\/wp\/v2\/users\/3"}],"replies":[{"embeddable":true,"href":"https:\/\/mein-ausflug.ch\/blog\/wp-json\/wp\/v2\/comments?post=1070"}],"version-history":[{"count":1,"href":"https:\/\/mein-ausflug.ch\/blog\/wp-json\/wp\/v2\/posts\/1070\/revisions"}],"predecessor-version":[{"id":1217,"href":"https:\/\/mein-ausflug.ch\/blog\/wp-json\/wp\/v2\/posts\/1070\/revisions\/1217"}],"wp:featuredmedia":[{"embeddable":true,"href":"https:\/\/mein-ausflug.ch\/blog\/wp-json\/wp\/v2\/media\/1216"}],"wp:attachment":[{"href":"https:\/\/mein-ausflug.ch\/blog\/wp-json\/wp\/v2\/media?parent=1070"}],"wp:term":[{"taxonomy":"category","embeddable":true,"href":"https:\/\/mein-ausflug.ch\/blog\/wp-json\/wp\/v2\/categories?post=1070"},{"taxonomy":"post_tag","embeddable":true,"href":"https:\/\/mein-ausflug.ch\/blog\/wp-json\/wp\/v2\/tags?post=1070"}],"curies":[{"name":"wp","href":"https:\/\/api.w.org\/{rel}","templated":true}]}}